{"id":727,"date":"2026-08-27T22:32:42","date_gmt":"2026-08-27T20:32:42","guid":{"rendered":"https:\/\/www.minimaniacalpin.fr\/version3\/?p=727"},"modified":"2026-08-27T22:33:54","modified_gmt":"2026-08-27T20:33:54","slug":"4eme-rassemblement-de-vehicules-anciens-a-gresy-sur-isere","status":"publish","type":"post","link":"https:\/\/www.minimaniacalpin.fr\/version3\/index.php\/2026\/08\/27\/4eme-rassemblement-de-vehicules-anciens-a-gresy-sur-isere\/","title":{"rendered":"4\u00e8me rassemblement de V\u00e9hicules Anciens \u00e0 Gr\u00e9sy-sur-Is\u00e8re"},"content":{"rendered":"<div class=\"wp-block-image\">\n<figure class=\"aligncenter size-large\"><img loading=\"lazy\" decoding=\"async\" width=\"724\" height=\"1024\" src=\"https:\/\/www.minimaniacalpin.fr\/version3\/wp-content\/uploads\/2026\/08\/4emRassemblement6septembre2026-724x1024.jpg\" alt=\"\" class=\"wp-image-728\" srcset=\"https:\/\/www.minimaniacalpin.fr\/version3\/wp-content\/uploads\/2026\/08\/4emRassemblement6septembre2026-724x1024.jpg 724w, https:\/\/www.minimaniacalpin.fr\/version3\/wp-content\/uploads\/2026\/08\/4emRassemblement6septembre2026-212x300.jpg 212w, https:\/\/www.minimaniacalpin.fr\/version3\/wp-content\/uploads\/2026\/08\/4emRassemblement6septembre2026-768x1086.jpg 768w, https:\/\/www.minimaniacalpin.fr\/version3\/wp-content\/uploads\/2026\/08\/4emRassemblement6septembre2026-1086x1536.jpg 1086w, https:\/\/www.minimaniacalpin.fr\/version3\/wp-content\/uploads\/2026\/08\/4emRassemblement6septembre2026-191x270.jpg 191w, https:\/\/www.minimaniacalpin.fr\/version3\/wp-content\/uploads\/2026\/08\/4emRassemblement6septembre2026.jpg 1448w\" sizes=\"auto, (max-width: 724px) 100vw, 724px\" \/><\/figure>\n<\/div>\n\n\n<p class=\"wp-block-paragraph\">Ce dimanche 6 septembre c&rsquo;est un rassemblement statique auquel nous participerons qui se tiendra au lac de Gr\u00e9si sur Is\u00e8re. Pour les personnes int\u00e9ress\u00e9es merci de vous signaler sur le groupe Whatsapp et indiquer votre heure d&rsquo;arriv\u00e9e. Pour les d\u00e9tails de la journ\u00e9e, c&rsquo;est Greg qu&rsquo;il faut contacter.<\/p>\n\n\n\n<p class=\"wp-block-paragraph\"><\/p>\n","protected":false},"excerpt":{"rendered":"<p>Ce dimanche 6 septembre c&rsquo;est un rassemblement statique auquel nous participerons qui se tiendra au lac de Gr\u00e9si sur Is\u00e8re. Pour les personnes int\u00e9ress\u00e9es merci de vous signaler sur le groupe Whatsapp et indiquer votre heure d&rsquo;arriv\u00e9e. Pour les d\u00e9tails de la journ\u00e9e, c&rsquo;est Greg qu&rsquo;il faut contacter.<\/p>\n","protected":false},"author":1,"featured_media":0,"comment_status":"open","ping_status":"open","sticky":false,"template":"","format":"standard","meta":{"footnotes":""},"categories":[1],"tags":[],"class_list":["post-727","post","type-post","status-publish","format-standard","hentry","category-non-classe"],"_links":{"self":[{"href":"https:\/\/www.minimaniacalpin.fr\/version3\/index.php\/wp-json\/wp\/v2\/posts\/727","targetHints":{"allow":["GET"]}}],"collection":[{"href":"https:\/\/www.minimaniacalpin.fr\/version3\/index.php\/wp-json\/wp\/v2\/posts"}],"about":[{"href":"https:\/\/www.minimaniacalpin.fr\/version3\/index.php\/wp-json\/wp\/v2\/types\/post"}],"author":[{"embeddable":true,"href":"https:\/\/www.minimaniacalpin.fr\/version3\/index.php\/wp-json\/wp\/v2\/users\/1"}],"replies":[{"embeddable":true,"href":"https:\/\/www.minimaniacalpin.fr\/version3\/index.php\/wp-json\/wp\/v2\/comments?post=727"}],"version-history":[{"count":2,"href":"https:\/\/www.minimaniacalpin.fr\/version3\/index.php\/wp-json\/wp\/v2\/posts\/727\/revisions"}],"predecessor-version":[{"id":730,"href":"https:\/\/www.minimaniacalpin.fr\/version3\/index.php\/wp-json\/wp\/v2\/posts\/727\/revisions\/730"}],"wp:attachment":[{"href":"https:\/\/www.minimaniacalpin.fr\/version3\/index.php\/wp-json\/wp\/v2\/media?parent=727"}],"wp:term":[{"taxonomy":"category","embeddable":true,"href":"https:\/\/www.minimaniacalpin.fr\/version3\/index.php\/wp-json\/wp\/v2\/categories?post=727"},{"taxonomy":"post_tag","embeddable":true,"href":"https:\/\/www.minimaniacalpin.fr\/version3\/index.php\/wp-json\/wp\/v2\/tags?post=727"}],"curies":[{"name":"wp","href":"https:\/\/api.w.org\/{rel}","templated":true}]}}