{"id":502,"date":"2023-04-29T01:16:00","date_gmt":"2023-04-28T23:16:00","guid":{"rendered":"https:\/\/www.minimaniacalpin.fr\/version3\/?p=502"},"modified":"2023-07-01T00:29:50","modified_gmt":"2023-06-30T22:29:50","slug":"international-mini-meeting-2023","status":"publish","type":"post","link":"https:\/\/www.minimaniacalpin.fr\/version3\/index.php\/2023\/04\/29\/international-mini-meeting-2023\/","title":{"rendered":"International Mini Meeting 2023"},"content":{"rendered":"\n<p>Apr\u00e8s 3 annulations li\u00e9es \u00e0 la COVID19, cette ann\u00e9e se tiendra enfin l&rsquo;International Mini Meeting tant attendu.<\/p>\n\n\n\n<p>Nous prendrons la route en convoi pour nous rendre en Toscane et participer \u00e0 ce formidable \u00e9v\u00e9nement.<\/p>\n\n\n\n<p>Le d\u00e9part est fix\u00e9 le mercredi 24 afin de descendre tranquillement en deux jours. Et sur le chemin du retour nous ferons un peu de tourisme afin de profiter de la Toscane, ce qui nous ram\u00e8nera dans nos montagnes le 31 mai.<\/p>\n\n\n\n<p>Ceci sera la plus grosse sortie de l&rsquo;ann\u00e9e pour le club.<\/p>\n\n\n<div class=\"wp-block-image\">\n<figure class=\"aligncenter size-full\"><img loading=\"lazy\" decoding=\"async\" width=\"834\" height=\"384\" src=\"https:\/\/www.minimaniacalpin.fr\/version3\/wp-content\/uploads\/2023\/07\/logo-retina-1.png\" alt=\"\" class=\"wp-image-505\" srcset=\"https:\/\/www.minimaniacalpin.fr\/version3\/wp-content\/uploads\/2023\/07\/logo-retina-1.png 834w, https:\/\/www.minimaniacalpin.fr\/version3\/wp-content\/uploads\/2023\/07\/logo-retina-1-300x138.png 300w, https:\/\/www.minimaniacalpin.fr\/version3\/wp-content\/uploads\/2023\/07\/logo-retina-1-768x354.png 768w, https:\/\/www.minimaniacalpin.fr\/version3\/wp-content\/uploads\/2023\/07\/logo-retina-1-586x270.png 586w\" sizes=\"auto, (max-width: 834px) 100vw, 834px\" \/><\/figure>\n<\/div>","protected":false},"excerpt":{"rendered":"<p>Apr\u00e8s 3 annulations li\u00e9es \u00e0 la COVID19, cette ann\u00e9e se tiendra enfin l&rsquo;International Mini Meeting tant attendu. Nous prendrons la route en convoi pour nous rendre en Toscane et participer \u00e0 ce formidable \u00e9v\u00e9nement. Le d\u00e9part est fix\u00e9 le mercredi 24 afin de descendre tranquillement en deux jours. Et sur le chemin du retour nous ferons un peu de tourisme afin de profiter de la Toscane, ce qui nous ram\u00e8nera dans nos montagnes le 31 mai. Ceci sera la plus&#8230;<\/p>\n<p class=\"read-more\"><a class=\"btn btn-default\" href=\"https:\/\/www.minimaniacalpin.fr\/version3\/index.php\/2023\/04\/29\/international-mini-meeting-2023\/\">Lire la suite<span class=\"screen-reader-text\"> Lire la suite<\/span><\/a><\/p>\n","protected":false},"author":1,"featured_media":0,"comment_status":"open","ping_status":"open","sticky":false,"template":"","format":"standard","meta":{"footnotes":""},"categories":[1],"tags":[],"class_list":["post-502","post","type-post","status-publish","format-standard","hentry","category-non-classe"],"_links":{"self":[{"href":"https:\/\/www.minimaniacalpin.fr\/version3\/index.php\/wp-json\/wp\/v2\/posts\/502","targetHints":{"allow":["GET"]}}],"collection":[{"href":"https:\/\/www.minimaniacalpin.fr\/version3\/index.php\/wp-json\/wp\/v2\/posts"}],"about":[{"href":"https:\/\/www.minimaniacalpin.fr\/version3\/index.php\/wp-json\/wp\/v2\/types\/post"}],"author":[{"embeddable":true,"href":"https:\/\/www.minimaniacalpin.fr\/version3\/index.php\/wp-json\/wp\/v2\/users\/1"}],"replies":[{"embeddable":true,"href":"https:\/\/www.minimaniacalpin.fr\/version3\/index.php\/wp-json\/wp\/v2\/comments?post=502"}],"version-history":[{"count":1,"href":"https:\/\/www.minimaniacalpin.fr\/version3\/index.php\/wp-json\/wp\/v2\/posts\/502\/revisions"}],"predecessor-version":[{"id":506,"href":"https:\/\/www.minimaniacalpin.fr\/version3\/index.php\/wp-json\/wp\/v2\/posts\/502\/revisions\/506"}],"wp:attachment":[{"href":"https:\/\/www.minimaniacalpin.fr\/version3\/index.php\/wp-json\/wp\/v2\/media?parent=502"}],"wp:term":[{"taxonomy":"category","embeddable":true,"href":"https:\/\/www.minimaniacalpin.fr\/version3\/index.php\/wp-json\/wp\/v2\/categories?post=502"},{"taxonomy":"post_tag","embeddable":true,"href":"https:\/\/www.minimaniacalpin.fr\/version3\/index.php\/wp-json\/wp\/v2\/tags?post=502"}],"curies":[{"name":"wp","href":"https:\/\/api.w.org\/{rel}","templated":true}]}}