{"id":213,"date":"2020-06-10T19:16:00","date_gmt":"2020-06-10T17:16:00","guid":{"rendered":"http:\/\/www.minimaniacalpin.fr\/version3\/?p=213"},"modified":"2020-06-15T19:20:20","modified_gmt":"2020-06-15T17:20:20","slug":"reprise-des-activites-post-covid-19","status":"publish","type":"post","link":"https:\/\/www.minimaniacalpin.fr\/version3\/index.php\/2020\/06\/10\/reprise-des-activites-post-covid-19\/","title":{"rendered":"Reprise des activit\u00e9s post-COVID-19"},"content":{"rendered":"\n<div class=\"wp-block-image\"><figure class=\"aligncenter size-large is-resized\"><img loading=\"lazy\" decoding=\"async\" src=\"https:\/\/www.minimaniacalpin.fr\/version3\/wp-content\/uploads\/2020\/06\/MiniCartoon.jpg\" alt=\"\" class=\"wp-image-214\" width=\"425\" height=\"320\" srcset=\"https:\/\/www.minimaniacalpin.fr\/version3\/wp-content\/uploads\/2020\/06\/MiniCartoon.jpg 425w, https:\/\/www.minimaniacalpin.fr\/version3\/wp-content\/uploads\/2020\/06\/MiniCartoon-300x226.jpg 300w, https:\/\/www.minimaniacalpin.fr\/version3\/wp-content\/uploads\/2020\/06\/MiniCartoon-359x270.jpg 359w\" sizes=\"auto, (max-width: 425px) 100vw, 425px\" \/><\/figure><\/div>\n\n\n\n<p>C&rsquo;est donc le moment tant attendu de la reprise des activit\u00e9s associatives apr\u00e8s cette p\u00e9riode de confinement.<\/p>\n\n\n\n<p>Le dimanche 21 juin se tiendra:<\/p>\n\n\n\n<p class=\"has-large-font-size\">L&rsquo;assembl\u00e9e G\u00e9n\u00e9rale du club<\/p>\n\n\n\n<p class=\"has-large-font-size\">Une journ\u00e9e m\u00e9canique<\/p>\n\n\n\n<p>Merci \u00e0 <strong>PAUL<\/strong> et <strong>LISA <\/strong>pour l&rsquo;accueil qu&rsquo;ils vont une fois de plus nous r\u00e9server.<\/p>\n\n\n\n<p>Tous les d\u00e9tails ont \u00e9t\u00e9 envoy\u00e9s sur vos emails respectifs via la liste de discussion du club.<\/p>\n\n\n\n<p><\/p>\n","protected":false},"excerpt":{"rendered":"<p>C&rsquo;est donc le moment tant attendu de la reprise des activit\u00e9s associatives apr\u00e8s cette p\u00e9riode de confinement. Le dimanche 21 juin se tiendra: L&rsquo;assembl\u00e9e G\u00e9n\u00e9rale du club Une journ\u00e9e m\u00e9canique Merci \u00e0 PAUL et LISA pour l&rsquo;accueil qu&rsquo;ils vont une fois de plus nous r\u00e9server. Tous les d\u00e9tails ont \u00e9t\u00e9 envoy\u00e9s sur vos emails respectifs via la liste de discussion du club.<\/p>\n","protected":false},"author":1,"featured_media":0,"comment_status":"open","ping_status":"open","sticky":false,"template":"","format":"standard","meta":{"footnotes":""},"categories":[1],"tags":[],"class_list":["post-213","post","type-post","status-publish","format-standard","hentry","category-non-classe"],"_links":{"self":[{"href":"https:\/\/www.minimaniacalpin.fr\/version3\/index.php\/wp-json\/wp\/v2\/posts\/213","targetHints":{"allow":["GET"]}}],"collection":[{"href":"https:\/\/www.minimaniacalpin.fr\/version3\/index.php\/wp-json\/wp\/v2\/posts"}],"about":[{"href":"https:\/\/www.minimaniacalpin.fr\/version3\/index.php\/wp-json\/wp\/v2\/types\/post"}],"author":[{"embeddable":true,"href":"https:\/\/www.minimaniacalpin.fr\/version3\/index.php\/wp-json\/wp\/v2\/users\/1"}],"replies":[{"embeddable":true,"href":"https:\/\/www.minimaniacalpin.fr\/version3\/index.php\/wp-json\/wp\/v2\/comments?post=213"}],"version-history":[{"count":1,"href":"https:\/\/www.minimaniacalpin.fr\/version3\/index.php\/wp-json\/wp\/v2\/posts\/213\/revisions"}],"predecessor-version":[{"id":215,"href":"https:\/\/www.minimaniacalpin.fr\/version3\/index.php\/wp-json\/wp\/v2\/posts\/213\/revisions\/215"}],"wp:attachment":[{"href":"https:\/\/www.minimaniacalpin.fr\/version3\/index.php\/wp-json\/wp\/v2\/media?parent=213"}],"wp:term":[{"taxonomy":"category","embeddable":true,"href":"https:\/\/www.minimaniacalpin.fr\/version3\/index.php\/wp-json\/wp\/v2\/categories?post=213"},{"taxonomy":"post_tag","embeddable":true,"href":"https:\/\/www.minimaniacalpin.fr\/version3\/index.php\/wp-json\/wp\/v2\/tags?post=213"}],"curies":[{"name":"wp","href":"https:\/\/api.w.org\/{rel}","templated":true}]}}