{"id":205,"date":"2020-02-15T23:58:00","date_gmt":"2020-02-15T22:58:00","guid":{"rendered":"http:\/\/www.minimaniacalpin.fr\/version3\/?p=205"},"modified":"2020-03-09T00:01:16","modified_gmt":"2020-03-08T23:01:16","slug":"convocation-a-lassemblee-generale-2020","status":"publish","type":"post","link":"https:\/\/www.minimaniacalpin.fr\/version3\/index.php\/2020\/02\/15\/convocation-a-lassemblee-generale-2020\/","title":{"rendered":"Convocation \u00e0 l&rsquo;Assembl\u00e9e G\u00e9n\u00e9rale 2020"},"content":{"rendered":"\n<div class=\"wp-block-image\"><figure class=\"aligncenter size-large\"><img loading=\"lazy\" decoding=\"async\" width=\"650\" height=\"348\" src=\"https:\/\/www.minimaniacalpin.fr\/version3\/wp-content\/uploads\/2020\/03\/logo-assemblee-generale.jpg\" alt=\"\" class=\"wp-image-206\" srcset=\"https:\/\/www.minimaniacalpin.fr\/version3\/wp-content\/uploads\/2020\/03\/logo-assemblee-generale.jpg 650w, https:\/\/www.minimaniacalpin.fr\/version3\/wp-content\/uploads\/2020\/03\/logo-assemblee-generale-300x161.jpg 300w, https:\/\/www.minimaniacalpin.fr\/version3\/wp-content\/uploads\/2020\/03\/logo-assemblee-generale-504x270.jpg 504w\" sizes=\"auto, (max-width: 650px) 100vw, 650px\" \/><\/figure><\/div>\n\n\n\n<p>L&rsquo;assembl\u00e9e g\u00e9n\u00e9rale du club est programm\u00e9e le samedi 14 mars \u00e0 17h00.<\/p>\n\n\n\n<p>Elle se tiendra au 47 chemin de la Taillat, 38240 Meylan.<\/p>\n\n\n\n<p>La convocation vous a \u00e9t\u00e9 envoy\u00e9e par email et elle est t\u00e9l\u00e9chargeable ci-dessous.<\/p>\n\n\n\n<div class=\"wp-block-file\"><a href=\"https:\/\/www.minimaniacalpin.fr\/version3\/wp-content\/uploads\/2020\/03\/Convoc-AG_2020.pdf\">Convocation AG 2020<\/a><a href=\"https:\/\/www.minimaniacalpin.fr\/version3\/wp-content\/uploads\/2020\/03\/Convoc-AG_2020.pdf\" class=\"wp-block-file__button\" download>Download<\/a><\/div>\n","protected":false},"excerpt":{"rendered":"<p>L&rsquo;assembl\u00e9e g\u00e9n\u00e9rale du club est programm\u00e9e le samedi 14 mars \u00e0 17h00. Elle se tiendra au 47 chemin de la Taillat, 38240 Meylan. La convocation vous a \u00e9t\u00e9 envoy\u00e9e par email et elle est t\u00e9l\u00e9chargeable ci-dessous.<\/p>\n","protected":false},"author":1,"featured_media":0,"comment_status":"open","ping_status":"open","sticky":false,"template":"","format":"standard","meta":{"footnotes":""},"categories":[1],"tags":[],"class_list":["post-205","post","type-post","status-publish","format-standard","hentry","category-non-classe"],"_links":{"self":[{"href":"https:\/\/www.minimaniacalpin.fr\/version3\/index.php\/wp-json\/wp\/v2\/posts\/205","targetHints":{"allow":["GET"]}}],"collection":[{"href":"https:\/\/www.minimaniacalpin.fr\/version3\/index.php\/wp-json\/wp\/v2\/posts"}],"about":[{"href":"https:\/\/www.minimaniacalpin.fr\/version3\/index.php\/wp-json\/wp\/v2\/types\/post"}],"author":[{"embeddable":true,"href":"https:\/\/www.minimaniacalpin.fr\/version3\/index.php\/wp-json\/wp\/v2\/users\/1"}],"replies":[{"embeddable":true,"href":"https:\/\/www.minimaniacalpin.fr\/version3\/index.php\/wp-json\/wp\/v2\/comments?post=205"}],"version-history":[{"count":2,"href":"https:\/\/www.minimaniacalpin.fr\/version3\/index.php\/wp-json\/wp\/v2\/posts\/205\/revisions"}],"predecessor-version":[{"id":209,"href":"https:\/\/www.minimaniacalpin.fr\/version3\/index.php\/wp-json\/wp\/v2\/posts\/205\/revisions\/209"}],"wp:attachment":[{"href":"https:\/\/www.minimaniacalpin.fr\/version3\/index.php\/wp-json\/wp\/v2\/media?parent=205"}],"wp:term":[{"taxonomy":"category","embeddable":true,"href":"https:\/\/www.minimaniacalpin.fr\/version3\/index.php\/wp-json\/wp\/v2\/categories?post=205"},{"taxonomy":"post_tag","embeddable":true,"href":"https:\/\/www.minimaniacalpin.fr\/version3\/index.php\/wp-json\/wp\/v2\/tags?post=205"}],"curies":[{"name":"wp","href":"https:\/\/api.w.org\/{rel}","templated":true}]}}